{"id":1622,"date":"2018-11-09T12:56:29","date_gmt":"2018-11-09T12:56:29","guid":{"rendered":"https:\/\/muellerundsohn.eu\/?p=1622"},"modified":"2018-11-09T12:56:29","modified_gmt":"2018-11-09T12:56:29","slug":"venedig-2019-palazzo-mora","status":"publish","type":"post","link":"https:\/\/muellerundsohn.eu\/english\/2018\/11\/09\/venedig-2019-palazzo-mora\/","title":{"rendered":"Venedig 2019 \u2013 Palazzo Mora"},"content":{"rendered":"\n<h3 class=\"wp-block-heading\">Wir freuen uns darauf unser aktuelles Projekt mit neuen Werken im Kontext der 58. Biennale pr\u00e4sentieren zu k\u00f6nnen. Venedig 2019 \u2013 Palazzo Mora<\/h3>\n\n\n\n<figure class=\"wp-block-image size-full\"><img loading=\"lazy\" decoding=\"async\" width=\"1022\" height=\"1024\" src=\"https:\/\/shop.muellerundsohn.eu\/wp-content\/uploads\/2018\/11\/brochure-1-1022x1024-1.jpg\" alt=\"\" class=\"wp-image-9865\" srcset=\"https:\/\/muellerundsohn.eu\/english\/wp-content\/uploads\/sites\/7\/2018\/11\/brochure-1-1022x1024-1.jpg 1022w, https:\/\/muellerundsohn.eu\/english\/wp-content\/uploads\/sites\/7\/2018\/11\/brochure-1-1022x1024-1-300x300.jpg 300w, https:\/\/muellerundsohn.eu\/english\/wp-content\/uploads\/sites\/7\/2018\/11\/brochure-1-1022x1024-1-150x150.jpg 150w, https:\/\/muellerundsohn.eu\/english\/wp-content\/uploads\/sites\/7\/2018\/11\/brochure-1-1022x1024-1-768x770.jpg 768w, https:\/\/muellerundsohn.eu\/english\/wp-content\/uploads\/sites\/7\/2018\/11\/brochure-1-1022x1024-1-600x601.jpg 600w, https:\/\/muellerundsohn.eu\/english\/wp-content\/uploads\/sites\/7\/2018\/11\/brochure-1-1022x1024-1-100x100.jpg 100w\" sizes=\"auto, (max-width: 1022px) 100vw, 1022px\" \/><figcaption><a href=\"https:\/\/shop.muellerundsohn.eu\/wp-content\/uploads\/2022\/07\/Booklet_MuellerSohn.pdf\">Brosch\u00fcre \u00fcber das Projekt zum herunterladen als PDF<\/a><\/figcaption><\/figure>\n\n\n\n<h2 class=\"wp-block-heading\">\u201ePersonal Structures \u2013 Identities\u201d<\/h2>\n\n\n\n<p>Die Non Profit Ausstellung \u201ePersonal Structures \u2013 Identities\u201c wird vom <a href=\"https:\/\/europeanculturalcentre.eu\">European Cultural Center <\/a>veranstaltet und findet vom <strong>11. Mai &#8211; 24. November<\/strong> <strong>2019<\/strong> statt. Die Pr\u00e4sentation von <strong>M\u00fcller &amp; Sohn<\/strong> finden Sie im <a href=\"https:\/\/www.labiennale.org\/en\/noticeboard\/402\"><strong>Palazzo Mora<\/strong><\/a> (Preview 9.-10. Mai 2019)<\/p>\n\n\n\n<h4 class=\"wp-block-heading\">Teilnehmende K\u00fcnstler und Lokationen<\/h4>\n\n\n\n<p>Aamir Habib &amp; Noor Ali Chagani&nbsp;\u2013&nbsp;Antidote Art &amp; Design&nbsp;(PAK)&nbsp;\u2022&nbsp;&nbsp;Academy of Fine Arts in Warsaw (POL)&nbsp;\u2022&nbsp;<a href=\"http:\/\/www.aidastudios.com\/\">Emiko Aida<\/a>(GBR)&nbsp;\u2022&nbsp;<a href=\"https:\/\/www.lecaaraujo.com\/\">Leca Araujo<\/a>&nbsp;(BRA), AU! \u2013&nbsp;<a href=\"https:\/\/www.arveeart.com\/\">Arvee<\/a>,&nbsp;<a href=\"http:\/\/megdenhartog.nl\/\">Meg den Hartog<\/a>&nbsp;\u2022&nbsp;<a href=\"https:\/\/www.naerebout.nl\/en\/\">Naerebout<\/a>,&nbsp;<a href=\"https:\/\/hansvanhorck.com\/\">Vanhorck<\/a>&nbsp;(NDL)\u2022&nbsp;<a href=\"https:\/\/www.petrabarth.com\/\">Petra Barth<\/a>&nbsp;(USA\/DEU)&nbsp;\u2022<a href=\"https:\/\/www.belkina.art\/\">Katerina Belkina<\/a>&nbsp;(DEU)&nbsp;\u2022&nbsp;<a href=\"http:\/\/www.patrickbermingham.com\/\">Patrick Bermingham<\/a>&nbsp;(CAN)&nbsp;\u2022&nbsp;<a href=\"http:\/\/birdseyevt.com\/\">BIRDSEYE \u2013 Brian J. Mac, FAIA<\/a>&nbsp;(USA)&nbsp;\u2022&nbsp;<a href=\"http:\/\/www.marcusbleasdale.com\/\">Marcus Bleasdale<\/a>(GBR),&nbsp;William Bloomfield&nbsp;(USA)&nbsp;\u2022&nbsp;<a href=\"https:\/\/eyenga-bokamba.squarespace.com\/\">Eyenga Bokamba<\/a>&nbsp;(USA)&nbsp;\u2022&nbsp;Peter Bracke&nbsp;(BEL)&nbsp;\u2022&nbsp;<a href=\"https:\/\/aliettebretelph.myportfolio.com\/\">Aliette Bretel<\/a>&nbsp;(PER)&nbsp;\u2022&nbsp;Brooklyn NY Art Wave&nbsp;(JPN\/USA)&nbsp;\u2022&nbsp;Christopher Capriotti&nbsp;(USA)&nbsp;\u2022&nbsp;<a href=\"http:\/\/adrianacarambia.com.ar\/\">Adriana Carambia<\/a>&nbsp;(ARG)&nbsp;\u2022&nbsp;<a href=\"http:\/\/www.estevecasanoves.com\/\">Esteve Casanoves<\/a>&nbsp;(ESP)&nbsp;\u2022&nbsp;In Hyuk Choi&nbsp;(SKO)&nbsp;\u2022&nbsp;<a href=\"http:\/\/insookchoi.com\/\">Insook Choi<\/a>&nbsp;\u2013&nbsp;Salford University&nbsp;(KOR\/UK)&nbsp;\u2022&nbsp;<a href=\"http:\/\/www.clyattsculpture.com\/\">Bob Clyatt<\/a>&nbsp;(USA)&nbsp;\u2022&nbsp;Jacopo di Cera (ITA)&nbsp;\u2022&nbsp;<a href=\"https:\/\/barbaradowns.com\/\">Barbara Downs<\/a>(USA)&nbsp;\u2022&nbsp;<a href=\"http:\/\/markdziewulski.com\/artist\">Mark Dziewulski<\/a>&nbsp;(UK)&nbsp;\u2022&nbsp;Alberto Echegaray Guevara&nbsp;(ARG\/ESP)&nbsp;\u2022&nbsp;<a href=\"http:\/\/www.evaadele.com\/\">EVA &amp; ADELE<\/a>&nbsp;(DEU),&nbsp;<a href=\"https:\/\/www.artsy.net\/artist\/valie-export\">VALIE E<\/a>XPORT (AUT)\u2022&nbsp;<a href=\"https:\/\/www.feromontana.art\/en\/\">Feromontana<\/a>&nbsp;(AUT)&nbsp;\u2022&nbsp;<a href=\"http:\/\/www.fitzgeraldfinearts.com\/artists\/jared-fitzgerald\">Jared FitzGerald<\/a>&nbsp;(USA\/CHIN)&nbsp;\u2022&nbsp;Puma Freytag&nbsp;(CAN),&nbsp;Andras Gal&nbsp;(HUN)&nbsp;\u2022&nbsp;<a href=\"http:\/\/eringeniaportfolio.blogspot.com\/\">Erin Genia<\/a>&nbsp;\u2013&nbsp;<a href=\"http:\/\/eringeniaportfolio.blogspot.com\/\">MIT<\/a>(USA)&nbsp;\u2022&nbsp;<a href=\"https:\/\/beatrizgerenstein.com\/\">Beatriz Gerenstein<\/a>&nbsp;(USA)&nbsp;\u2022&nbsp;<a href=\"https:\/\/sarahgold.org\/\">Sarah Gold<\/a>&nbsp;(NLD)&nbsp;\u2022&nbsp;<a href=\"https:\/\/www.elenagual.art\/\">Elena Gual<\/a>&nbsp;Baquera (ESP\/GBR)&nbsp;\u2022&nbsp;Gunnar Gundersen (NOR)&nbsp;\u2022<a href=\"https:\/\/www.joanhallstudio.com\/\">Joan M. Hall<\/a>&nbsp;(USA)&nbsp;\u2022&nbsp;<a href=\"http:\/\/www.capilloart.at\/site.asp?var=top2&amp;lg=de\">Karin Hannak<\/a>&nbsp;(AUT)&nbsp;\u2022&nbsp;<a href=\"https:\/\/www.cs55.no\/default.asp?k=55&amp;id=144&amp;aid=210\">Carl Martin Hansen<\/a>&nbsp;(NOR)&nbsp;\u2022&nbsp;<a href=\"http:\/\/www.kathryndhart.com\/home\">Kathryn Hart<\/a>&nbsp;(USA)&nbsp;\u2022&nbsp;Juergen Haupt&nbsp;(DEU)&nbsp;\u2022Elizabeth Heyert&nbsp;(USA)&nbsp;\u2022&nbsp;HIHEY&nbsp;(CHN)&nbsp;\u2022&nbsp;<a href=\"https:\/\/www.yumiko-hirokawa.com\/\">Yumiko Hirokawa<\/a>&nbsp;(JPN)&nbsp;\u2022&nbsp;<a href=\"https:\/\/www.aniahobson.com\/\">Ania Hobson<\/a>&nbsp;(GBR)&nbsp;\u2022&nbsp;<a href=\"http:\/\/www.jeanmarchunt.fr\/\">Jean-Marc Hunt<\/a>&nbsp;(GLP) \u2013&nbsp;Jo\u00ebl Nankin&nbsp;(GLP) &amp;&nbsp;<a href=\"http:\/\/www.francoispiquet.com\/\">Fran\u00e7ois Piquet<\/a>&nbsp;(GLP)&nbsp;\u2022&nbsp;<a href=\"https:\/\/mazeredo.com\/\">IMAN \u2013 Instituto Mazeredo de Arte Nova<\/a>&nbsp;(BRA)&nbsp;\u2022&nbsp;<a href=\"http:\/\/www.jonjaylo.com\/\">Jon Jaylo<\/a>&nbsp;(USA)&nbsp;\u2022&nbsp;<a href=\"http:\/\/igor-josifov.com\/\">Igor Josifov<\/a>(MKD)&nbsp;\u2022&nbsp;Shunsuke Kano&nbsp;(JPN)&nbsp;\u2022&nbsp;Lina Karam&nbsp;(FRA)&nbsp;\u2022&nbsp;<a href=\"http:\/\/www.azadkarim.si\/\">Azad Karim<\/a>&nbsp;(SVN)&nbsp;\u2022&nbsp;Miwako Kashiwagi&nbsp;(JPN)&nbsp;\u2022&nbsp;<a href=\"http:\/\/www.innerwinkler.net\/nadiakisseleva\/\">Nadia Kisseleva<\/a>(RUS)&nbsp;\u2022&nbsp;<a href=\"http:\/\/www.krautkremer-art.de\/\">Ute Krautkremer<\/a>&nbsp;(DEU)&nbsp;\u2022&nbsp;<a href=\"https:\/\/www.saatchiart.com\/Jan.Kuenzler\">Jan Kuenzler<\/a>&nbsp;(DEU)&nbsp;\u2022&nbsp;<a href=\"https:\/\/www.annekuhn.fr\/\">Anne Kuhn<\/a>&nbsp;(FRA)&nbsp;\u2022&nbsp;<a href=\"https:\/\/www.mariettaleis.com\/\">Marietta Patricia Leis<\/a>&nbsp;(USA)&nbsp;\u2022&nbsp;<a href=\"https:\/\/www.pingchengliang.com\/\">Ping-Cheng Liang<\/a>&nbsp;(TWN)&nbsp;\u2022&nbsp;Norma E. Lopez&nbsp;(COL)&nbsp;\u2022&nbsp;Loughborough University&nbsp;(GBR)&nbsp;\u2022&nbsp;Lorenzo Maria Monti (ITA)&nbsp;\u2022&nbsp;<a href=\"https:\/\/st-marienfeld.de\/index2.php\">Stephan Marienfeld<\/a>&nbsp;(DEU)&nbsp;\u2022&nbsp;Walter Markham&nbsp;(USA)&nbsp;\u2022&nbsp;Marcello Martinez Vega&nbsp;(DEU\/ECU)&nbsp;\u2022&nbsp;<a href=\"http:\/\/www.crossmackenzie.com\/artists#\/walter-mcconnell\">Walter McConnell<\/a>&nbsp;(USA)&nbsp;\u2022&nbsp;<a href=\"https:\/\/www.joemcdonnell.com\/\">Joseph McDonnell<\/a>&nbsp;(USA)&nbsp;\u2022&nbsp;<a href=\"https:\/\/www.chrismcmullenproductions.com\/\">Chris McMullen<\/a>&nbsp;(USA)&nbsp;\u2022&nbsp;Pamela Merory Dernham (GBR) \u2013 Cyrus Tilton (GBR) &amp; Sanjay Vora&nbsp;(GBR)\u2022&nbsp;<a href=\"https:\/\/www.michalopoulos.com\/\">James Michalopoulus<\/a>&nbsp;(USA)&nbsp;\u2022&nbsp;<a href=\"https:\/\/lorenzomariamonti.com\/\">Lorenzo Maria Monti<\/a>&nbsp;(ITA)&nbsp;\u2022&nbsp;Niwako Mori (JPN)&nbsp;\u2022&nbsp;<a href=\"https:\/\/muellerundsohn.eu\/en\/\">M\u00fcller &amp; Sohn Art Projects<\/a>&nbsp;(DEU)&nbsp;\u2022Museum of Contemporary Art of Castilla la Mancha (ESP)&nbsp;\u2022&nbsp;<a href=\"http:\/\/www.sorayaabunabaa.com\/\">Soraya Abu Naba\u2019a<\/a>&nbsp;(DOM)&nbsp;\u2022&nbsp;<a href=\"https:\/\/www.artsy.net\/artist\/raffy-t-napay\">Raffy Napay<\/a>&nbsp;(PHL)&nbsp;\u2022&nbsp;Jackie Neale&nbsp;(USA)&nbsp;\u2022&nbsp;Hermann Nitsch&nbsp;(AUT)&nbsp;\u2022&nbsp;Reka Nyari&nbsp;(USA)&nbsp;\u2022&nbsp;<a href=\"https:\/\/janoberg.me\/\">Jan Oberg<\/a>&nbsp;(SWE)&nbsp;\u2022&nbsp;Natalia Ohar&nbsp;(UKR)&nbsp;\u2022&nbsp;<a href=\"https:\/\/www.artsy.net\/artist\/yoko-ono\">Yoko Ono<\/a>&nbsp;(JPN)&nbsp;\u2022<a href=\"https:\/\/www.artsy.net\/artist\/roman-opalka\">Roman Opalka<\/a>&nbsp;(POL)&nbsp;\u2022&nbsp;<a href=\"http:\/\/gregoryorekhov.com\/\">Gregory Orekhov<\/a>&nbsp;(RUS&nbsp;\u2022&nbsp;<a href=\"http:\/\/davidpacephotography.com\/\">David Pace<\/a>&nbsp;(USA)&nbsp;\u2022&nbsp;Tomasz Pad\u0142o&nbsp;(POL)&nbsp;\u2022&nbsp;<a href=\"https:\/\/paper-gallery.co.uk\/\">PAPER Pavilion<\/a>&nbsp;(GBR)&nbsp;\u2022<a href=\"https:\/\/www.mariapavlovska.com\/\">Maria Pavlovska<\/a>&nbsp;(RUS)&nbsp;\u2022&nbsp;<a href=\"https:\/\/danielpesta.com\/\">Daniel Pe\u0161ta<\/a>&nbsp;(CZE)&nbsp;\u2022&nbsp;<a href=\"http:\/\/christinekowalpost.com\/\">Christine Kowal Post<\/a>&nbsp;(GBR)&nbsp;\u2022&nbsp;<a href=\"http:\/\/www.powideas.co\/\">POW Ideas<\/a>&nbsp;(MYS)&nbsp;\u2022&nbsp;<a href=\"http:\/\/www.artnet.com\/artists\/olga-marie-polunin\/\">Olga Marie Polunin<\/a>(SGP)&nbsp;\u2022&nbsp;<a href=\"http:\/\/www.martinpraska.at\/\">Martin Praska<\/a>&nbsp;(AUT)&nbsp;\u2022&nbsp;R. Berte &amp; Dr.&nbsp;<a href=\"http:\/\/www.michaelproepper.de\/en\/\">M. Proepper<\/a>&nbsp;(DEU)&nbsp;\u2022&nbsp;<a href=\"http:\/\/www.psjm.es\/\">PSJM<\/a>&nbsp;(ESP)&nbsp;\u2022&nbsp;<a href=\"https:\/\/www.artsy.net\/artist\/arnulf-rainer\">Arnulf Rainer<\/a>&nbsp;(AUT)&nbsp;\u2022&nbsp;<a href=\"https:\/\/www.lilibethcuenca.com\/\">Lilibeth Cuenca Rasmussen<\/a>&nbsp;(DEN)&nbsp;\u2022&nbsp;<a href=\"http:\/\/www.patriciareinhart.com\/\">Patricia Reinhart<\/a>&nbsp;(USA)&nbsp;\u2022&nbsp;<a href=\"http:\/\/rietmeyer.com\/\">Rene Rietmeyer<\/a>&nbsp;(NLD)&nbsp;\u2022&nbsp;<a href=\"https:\/\/www.theartesan.com\/\">Iggy Rodriguez<\/a>&nbsp;(PHL)&nbsp;\u2022&nbsp;<a href=\"http:\/\/watercolor.herb-rosenberg.com\/\">Herb Rosenberg<\/a>&nbsp;(USA)\u2022&nbsp;Yoshiko Saito (JPN)&nbsp;\u2022&nbsp;&nbsp;<a href=\"https:\/\/www.brigitte-schaider.de\/\">Brigitte J. Schaider<\/a>&nbsp;(DEU)&nbsp;\u2022&nbsp;<a href=\"https:\/\/www.sarahschrimpf.com\/\">Sarah Schrimpf<\/a>&nbsp;(DEU)&nbsp;\u2022&nbsp;<a href=\"https:\/\/www.joakimsederholm.fi\/\">Joakim Sederholm<\/a>&nbsp;(FIN)&nbsp;\u2022&nbsp;<a href=\"http:\/\/interior-art-design.de\/\">Martine Seibert-Raken<\/a>&nbsp;(DEU)&nbsp;\u2022&nbsp;<a href=\"https:\/\/biancaseverijns.com\/\">Bianca Severijns<\/a>&nbsp;(NLD\/ISR)&nbsp;\u2022&nbsp;<a href=\"https:\/\/antoniosorrentino.info\/\">Antonio Sorrentino<\/a>&nbsp;(ITA)&nbsp;\u2022&nbsp;Samuel Stubblefield&nbsp;(USA)&nbsp;\u2022&nbsp;Studio Palazzo Inzaghi \u2013 Irmfried Windbichler, Ruth Riedl &amp; Jolana Skacel (AUT\/EU)&nbsp;\u2022&nbsp;<a href=\"http:\/\/www.isaac-sullivan.com\/\">Isaac Sullivan<\/a>&nbsp;(USA)&nbsp;\u2022&nbsp;Sung-Kyun \u2013 Goo &amp; Vania Oh (KOR)&nbsp;\u2022&nbsp;Merab Surviladze&nbsp;(BEL)&nbsp;\u2022&nbsp;<a href=\"https:\/\/www.artsy.net\/artist\/toto-takamori\">Toto Takamori<\/a>&nbsp;(JPN)&nbsp;\u2022&nbsp;<a href=\"https:\/\/shotsunoda.com\/home.html\">Sho Tsunoda<\/a>&nbsp;(JPN)&nbsp;\u2022&nbsp;<a href=\"http:\/\/katjatukiainen.com\/\">Katja Tukiainen<\/a>&nbsp;(FIN)&nbsp;\u2022&nbsp;Urban Studies Lab \u2013 UDDI \u2013 Federico Puggioni&nbsp;(THA)&nbsp;\u2022&nbsp;<a href=\"https:\/\/www.judithunger.com\/\">Judith Unger<\/a>&nbsp;(USA)&nbsp;\u2022&nbsp;<a href=\"https:\/\/guyvandenbulcke.com\/\">Guy Van den Bulcke<\/a>&nbsp;(BEL)&nbsp;\u2022&nbsp;<a href=\"http:\/\/institute-ergosum.org\/#home\">Sanja Vatic &amp; Daniela Danica Tepes<\/a>&nbsp;(SVN)&nbsp;\u2022&nbsp;<a href=\"http:\/\/www.arika.me\/\">Arika Von Edler<\/a>&nbsp;(USA)&nbsp;\u2022&nbsp;Maxim Wakultschik&nbsp;(BLR\/DEU)&nbsp;\u2022&nbsp;<a href=\"https:\/\/australianculturalfund.org.au\/projects\/banyuwangi-venice\/\">Val Wens &amp; Tony Bond<\/a>&nbsp;(IDN\/AUS)&nbsp;\u2022Ariela Wertheimer&nbsp;(ISR)&nbsp;\u2022&nbsp;<a href=\"http:\/\/www.josephinebaan.com\/\">Willem de Kooning Academy<\/a>&nbsp;(NLD)&nbsp;\u2022&nbsp;<a href=\"http:\/\/www.mariawolfram.com\/\">Maria Wolfram<\/a>&nbsp;(FIN)&nbsp;\u2022&nbsp;Lu Xinjian&nbsp;(CHN)&nbsp;\u2022&nbsp;<a href=\"https:\/\/www.radayakova.org\/\">Rada Yakova<\/a>(NLD)&nbsp;\u2022&nbsp;Karou Yamamoto &amp; Kouji Ohno&nbsp;(JPN)&nbsp;\u2022&nbsp;Purvis Young&nbsp; (USA)&nbsp;\u2022&nbsp;<a href=\"https:\/\/www.andreyuen.com\/\">Andre Chi Sing Yuen<\/a>&nbsp;(DEU)&nbsp;\u2022&nbsp;Meng Zhou&nbsp;(CHN).<\/p>\n\n\n\n<p><strong>PALAZZO BEMBO<\/strong><\/p>\n\n\n\n<p><a href=\"https:\/\/www.acrylika.com\/\">Ika Abravanel<\/a>&nbsp;(ISR)&nbsp;\u2022&nbsp;<a href=\"https:\/\/aderhold-art.de\/en\/\">Detlef E. Aderhold<\/a>&nbsp;(DEU)&nbsp;\u2022&nbsp;<a href=\"http:\/\/markamerika.com\/\">Mark Amerika<\/a>&nbsp;(USA)&nbsp;\u2022&nbsp;Anoma&nbsp;(LKA)&nbsp;\u2022&nbsp;<a href=\"https:\/\/www.artsy.net\/artist\/nobuyoshi-araki\">Nobuyoshi Araki<\/a>&nbsp;(JPN),&nbsp;\u2022Murielle Argoud&nbsp;(CHE)&nbsp;\u2022&nbsp;<a href=\"http:\/\/artgallerytolstoy.com\/\">Art Gallery Tolstoy<\/a>&nbsp;(RUS)&nbsp;\u2022&nbsp;<a href=\"http:\/\/www.ateliermorales.com\/#\/\">Atelier Morales<\/a>&nbsp;(FRA)&nbsp;\u2022&nbsp;<a href=\"https:\/\/www.cherylgoldsleger.com\/\">Cheryl Goldsleger<\/a>&nbsp;\u2013&nbsp;<a href=\"https:\/\/www.augusta.edu\/\">Augusta University<\/a>(USA)&nbsp;\u2022&nbsp;<a href=\"http:\/\/www.lailaazra.com\/\">Laila Azra<\/a>&nbsp;(IDN\/SGP)&nbsp;\u2022&nbsp;Mario Basner&nbsp;(USA)&nbsp;\u2022&nbsp;<a href=\"https:\/\/www.curatorsvoice.com\/\">Curator\u2019s Voice Art Projects<\/a>&nbsp;(USA)&nbsp;\u2022&nbsp;<a href=\"http:\/\/www.manfred-bockelmann.de\/\">Manfred Bockelmann<\/a>&nbsp;(AUT)\u2022&nbsp;<a href=\"https:\/\/www.francoisbonjour.com\/\">Francois Bonjour<\/a>&nbsp;(CHE)&nbsp;\u2022&nbsp;<a href=\"https:\/\/annettebonnier.com\/\">Annette Bonnier<\/a>&nbsp;(USA)&nbsp;\u2022&nbsp;China Blue&nbsp;(USA\/CAN)&nbsp;\u2022&nbsp;<a href=\"https:\/\/www.asiacontemporaryart.com\/artists\/artist\/Solan_Chiu\/en\/\">Solan Chiu<\/a>&nbsp;(HKG)&nbsp;\u2022&nbsp;Vio Choe (KOR)&nbsp;\u2022Jeongyun Choi&nbsp;&amp;&nbsp;SON IL&nbsp;(KOR)&nbsp;\u2022&nbsp;Young Min Choi&nbsp;(KOR)&nbsp;\u2022&nbsp;Lori Cuisinier (USA)&nbsp;\u2022&nbsp;<a href=\"http:\/\/www.publicartcommission.com\/\">Deakin University \u2013 David Cross and Cameron Bishop, Public Art Commission<\/a>&nbsp;(AUS)&nbsp;\u2022&nbsp;<a href=\"http:\/\/www.giodibusca.com\/\">Gi\u00f2 Di Busca<\/a>&nbsp;(CHE)&nbsp;\u2022&nbsp;<a href=\"http:\/\/www.johndoing.net\/\">John Doing<\/a>&nbsp;(CHE)&nbsp;\u2022&nbsp;Nina Dotti&nbsp;(YV)&nbsp;\u2022&nbsp;<a href=\"https:\/\/www.eva.gallery\/\">EVA<\/a>(RUS)&nbsp;\u2022&nbsp;Andrea Fried&nbsp;(ARG)&nbsp;\u2022&nbsp;Hideharu Fukasaku&nbsp;(JPN)&nbsp;\u2022&nbsp;Justin Garcia&nbsp;(USA)&nbsp;\u2022&nbsp;<a href=\"https:\/\/sarahgold.org\/\">Sarah Gold<\/a>&nbsp;(NLD)&nbsp;\u2022&nbsp;Christopher Griffith(USA)&nbsp;\u2022&nbsp;<a href=\"http:\/\/www.marinkagrondel.com\/\">Marinka Groendel<\/a>&nbsp;(NLD)&nbsp;\u2022&nbsp;Teo Chai Guan&nbsp;(SGP)&nbsp;\u2022&nbsp;Tilney Hardiment&nbsp;(GBR)&nbsp;\u2022&nbsp;Camomile Hixon&nbsp;(USA)&nbsp;\u2022&nbsp;<a href=\"https:\/\/yuanru.gallery\/exhibitions\/2019\/venice\/\">Julie Hsieh \u2013 Yen-Fu Kuo &amp; Chien-Hsing Lien<\/a>&nbsp;(TWN)&nbsp;\u2022&nbsp;<a href=\"https:\/\/www.helenejacubowitz.com\/\">H\u00e9l\u00e8ne Jacubowitz<\/a>&nbsp;(BEL\/ISR)&nbsp;\u2022&nbsp;<a href=\"https:\/\/www.xuanjing.com.tw\/\">Xuan Jing &amp; Sharon Tsai<\/a>&nbsp;(TWN)&nbsp;\u2022<a href=\"http:\/\/www.ervinajohnson.com\/\">Ervin A. Johnson<\/a>&nbsp;(USA)&nbsp;\u2022&nbsp;<a href=\"http:\/\/www.kachaamy.com\/\">Georges Kachaamy<\/a>&nbsp;\u2013&nbsp;<a href=\"https:\/\/www.aud.edu\/\">American University of Dubai<\/a>&nbsp;(LBN),&nbsp;<a href=\"http:\/\/www.jessicamkaufman.com\/\">Jessica M. Kaufman<\/a>&nbsp;(USA)&nbsp;\u2022<a href=\"https:\/\/www.virginiakingsculptor.com\/\">Virginia King<\/a>&nbsp;(NZL)&nbsp;\u2022&nbsp;<a href=\"http:\/\/helenkirwan.com\/\">Helen Kirwan<\/a>&nbsp;(IRL\/GBR)&nbsp;\u2022&nbsp;LL Editions \u2013&nbsp;Sam Nhlengethwa,&nbsp;Nandipha Mntambo,&nbsp;<a href=\"https:\/\/www.everard-read.co.za\/artist\/BLESSING_NGOBENI\/biography\/\">Blessing Ngobeni<\/a>&amp;&nbsp;<a href=\"https:\/\/cargocollective.com\/mbalidhlamini\">Mbali Dhlamini<\/a>&nbsp;(ZAF\/SWZ)&nbsp;\u2022&nbsp;<a href=\"https:\/\/www.arteinformado.com\/galeria\/#\/artista\/sergio-leito\/194632\">S\u00e9rgio Leit\u00e3o<\/a>&nbsp;(PRT)&nbsp;\u2022&nbsp;<a href=\"https:\/\/eric-j-lee.org\/\">Eric J. Lee<\/a>&nbsp;(USA) \u2022 Zinaida Lihacheva (UKR) \u2022&nbsp;Sherman Lin&nbsp;(CHN)\u2022&nbsp;<a href=\"https:\/\/www.davor-ljubicic.com\/pages\/intro.php\">Davor Ljubicic<\/a>&nbsp;(DEU)&nbsp;\u2022&nbsp;Olga Lomaka&nbsp;(RUS)&nbsp;\u2022&nbsp;<a href=\"https:\/\/frankmann.com\/\">Frank Mann<\/a>&nbsp;(USA)&nbsp;\u2022&nbsp;<a href=\"https:\/\/www.nazare-aga.com\/\">Arnaud Nazare-Aga<\/a>&nbsp;(FRA)&nbsp;\u2022&nbsp;<a href=\"http:\/\/karlohiri.com\/\">Karl Ohiri<\/a>&nbsp;&amp; Riikka Kassinen (GBR\/NIG &amp; FIN)&nbsp;\u2022&nbsp;<a href=\"https:\/\/www.beschleunigtekunst.de\/\">Hans Christian Ohl<\/a>&nbsp;(DEU)&nbsp;\u2022&nbsp;<a href=\"http:\/\/www.palassart.com\/\">Helga Palasser<\/a>&nbsp;(AUT)&nbsp;\u2022&nbsp;<a href=\"http:\/\/www.artreinhart.at\/\">Martina Reinhart<\/a>&nbsp;(AUT)&nbsp;\u2022&nbsp;Jim Rattenbury&nbsp;(ESP)&nbsp;\u2022&nbsp;<a href=\"https:\/\/orestisseferoglou.com\/\">Orestis Seferoglou<\/a>&nbsp;(GRC)&nbsp;\u2022&nbsp;<a href=\"https:\/\/www.claudiaschildknecht.com\/\">Claudia Schildknecht<\/a>&nbsp;(CHE)&nbsp;\u2022&nbsp;<a href=\"https:\/\/www.evaschjolberg.no\/\">Eva Schj\u00f8lberg<\/a>&nbsp;(NOR)&nbsp;\u2022&nbsp;Tineke Smith(NLD)&nbsp;\u2022&nbsp;<a href=\"http:\/\/wanda-stang.de\/en\/\">Wanda Stang<\/a>&nbsp;(DEU)&nbsp;\u2022&nbsp;Wendy Steiner&nbsp;(CAN\/USA)&nbsp;\u2022&nbsp;<a href=\"https:\/\/bettysusiarjo.com\/\">Betty Susiarjo<\/a>&nbsp;(IDN)&nbsp;\u2022&nbsp;<a href=\"https:\/\/www.tendoornkaat.co.uk\/\">Hanna Ten-Doornkaat<\/a>&nbsp;(GBR)&nbsp;\u2022<a href=\"http:\/\/www.gotlind-timmermanns.de\/\">Gotlind Timmermanns<\/a>&nbsp;(DEU)&nbsp;\u2022&nbsp;Lincoln Townley&nbsp;(GBR)&nbsp;\u2022&nbsp;<a href=\"http:\/\/federicouribe.com\/\">Federico Uribe<\/a>&nbsp;(COL)&nbsp;\u2022&nbsp;Dr.&nbsp;H\u00e9ctor Vald\u00e9s&nbsp;(CHL)&nbsp;\u2022&nbsp;<a href=\"https:\/\/www.marcvinciguerra.com\/\">Marc Vinciguerra<\/a>&nbsp;(USA\/FRA)&nbsp;\u2022&nbsp;<a href=\"https:\/\/wendywahl.com\/home.html\">Wendy Wahl<\/a>&nbsp;(USA)&nbsp;\u2022&nbsp;<a href=\"http:\/\/www.wildflagstudios.com\/\">Wild Flag Studios<\/a>&nbsp;(CAN\/GBR\/USA)&nbsp;\u2022&nbsp;<a href=\"http:\/\/www.salmazulfiqar.com\/\">Salma Zulfiqar<\/a>&nbsp;(GBR).<\/p>\n\n\n\n<p><strong>GIARDINI DELLA MARINARESSA<\/strong><\/p>\n\n\n\n<p><a href=\"http:\/\/www.masoudakhavanjam.com\/\">Masoud Akhavan<\/a>&nbsp;(IRN)&nbsp;\u2022&nbsp;Carole Feuerman&nbsp;(USA) \u2013&nbsp;Laurence Jenkell&nbsp;(FRA\/ISR)&nbsp;\u2022&nbsp;Idan Zareski&nbsp;(FRA\/ISR) presented by<a href=\"https:\/\/www.belairfineart.com\/en\/\">Bel Air Fine Art<\/a>,&nbsp;<a href=\"https:\/\/richardbellart.com\/\">Richard Bell<\/a>&nbsp;(AUS)&nbsp;\u2022&nbsp;<a href=\"http:\/\/www.nadimkaram.com\/\">Nadim Karam<\/a>&nbsp;(LEB)&nbsp;\u2022&nbsp;<a href=\"https:\/\/sculpture-network.org\/en\/view\/profile\/18193\/Anton-Kerscher\">Anton Kerscher<\/a>&nbsp;(DEU)&nbsp;\u2022&nbsp;Georg Loewitt&nbsp;(AUT)&nbsp;\u2022&nbsp;Olga Lomaka&nbsp;(RUS)&nbsp;\u2022&nbsp;Clifton Manghoe&nbsp;(NLD)&nbsp;\u2022&nbsp;Manuela Mollwitz&nbsp;(DEU\/CHE)&nbsp;\u2022&nbsp;Kumari Nahappan&nbsp;(SGP)&nbsp;\u2022&nbsp;NONOS \u2013 Mercedes &amp; Franziska Welte&nbsp;(DEU)&nbsp;\u2022&nbsp;<a href=\"http:\/\/gregoryorekhov.com\/\">Gregory Orekhov<\/a>&nbsp;(RUS)&nbsp;\u2022&nbsp;<a href=\"https:\/\/www.andreasrimpel.de\/\">Andreas Rimpel<\/a>&nbsp;(DEU)&nbsp;\u2022&nbsp;<a href=\"https:\/\/www.raenthomassen.no\/\">Barbro Raen Thomassen<\/a>(NOR)&nbsp;\u2022&nbsp;George Tobolowsky&nbsp;(USA)&nbsp;\u2022&nbsp;Tristan Vyscok (FRA)&nbsp;\u2022&nbsp;<a href=\"http:\/\/www.marittawinter.com\/\">Maritta Winter<\/a>&nbsp;(DEU\/CHE).<\/p>\n\n\n\n<p><strong>Dar\u00fcber hinaus beherbergt das ECC-Italien eine Gruppe von Nationalen Pavillons von La Biennale di Venezia. Die L\u00e4nder der Seychellen, Kiribati und Mosambik werden ihre Projekte im Palazzo Mora pr\u00e4sentieren. <\/strong><\/p>\n\n\n\n<p>Die Er\u00f6ffnungen der Pavillons tragen dazu bei, das von den K\u00fcnstlern von Personal Structures f\u00fcr die Er\u00f6ffnungstage organisierte Vortrags- und Auff\u00fchrungsprogramm zu bereichern.<strong> Wir laden Sie ein, sich das gesamte Programm anzusehen.<\/strong><\/p>\n\n\n\n<p><strong>PERSONAL STRUCTURES &#8211; IDENTITIES<\/strong>&nbsp;(11 May \u2013 24 November, 2019)&nbsp; opening hours:<br>Palazzo Bembo and Palazzo Mora, 10:00 am \u2013 6:00 pm. Closed on Tuesday. Free entry.<br>Giardini della Marinaressa, 10:00 am \u2013 6:00 pm open every day. Free entry.<br>Press Preview (upon request): 9 &amp; 10 May, 2019, 10:00 am &#8211; 6:00 pm<br>Opening Event: 9 &amp; 10 May&nbsp; 6:00 pm &#8211; 10:00 pm Palazzo Mora and Palazzo Bembo<br>5:00 pm &#8211; 8:00 pm Giardini della Marinaressa<\/p>\n\n\n\n<h3 class=\"wp-block-heading\"><em>European Cultural Centre (ECC)&nbsp;<\/em><\/h3>\n\n\n\n<blockquote class=\"wp-block-quote is-layout-flow wp-block-quote-is-layout-flow\"><p>Vor sechzig Jahren glaubte der Schweizer Philosoph und gro\u00dfe Pionier der europ\u00e4ischen Integration, Denis de Rougemont, an ein kulturelles Europa, an ein Europa, an dem Menschen au\u00dferhalb des Nationalstaats und der Kultur als unverzichtbarer Bestandteil des Wiederaufbaus und des Wiederaufbaus Europas nach dem Krieg beteiligt waren Heilung. Sechzig Jahre sp\u00e4ter muss die Bedeutung der Kultur im Paradigma des Wohlbefindens unserer Gesellschaft noch mehr als das Wirtschaftswachstum anerkannt und weiter aktiv stimuliert werden. Um ein nachhaltiges Europa zu erreichen, m\u00fcssen die \u00f6kologischen, sozialen und kulturellen Ziele mit den finanziellen und wirtschaftlichen Zielen in Einklang gebracht werden. Die Rolle des kreativen und kritischen Denkens, die durch k\u00fcnstlerische und kulturelle Aktivit\u00e4ten gef\u00f6rdert wird, spielt auch eine wichtige Rolle, wenn die B\u00fcrger wieder Vertrauen in Europa finden wollen. Der Grund f\u00fcr die Notwendigkeit eines Ortes f\u00fcr die europ\u00e4ische Kunst und Kultur liegt in dieser Aussage von Denis de Rougemont. Die heutige &#8220;Erasmus-Generation&#8221; lebt Europa und ist ihre Zukunft. Sie kommen aus Europa und dem Ausland und sind an der Entwicklung alternativer Ans\u00e4tze sowie der Verbesserung der Kulturforschung und des Bewusstseins interessiert. Die Umsetzung von Wissen, das zu einem st\u00e4ndigen Hinterfragen f\u00fchrt und durch Wissen und viele Verbindungen entstehen heutzutage \u00fcber das Internet. Ein echter Treffpunkt in der Stadt Venedig bietet jedem einen einzigartigen Treffpunkt in Europa, um kulturelle Gemeinsamkeiten zu erkunden, zu erleben, zu dokumentieren und zu pr\u00e4sentieren.<br> <strong>Das Europ\u00e4ische Kulturzentrum (ECC) ist<\/strong><em>&nbsp;Plattform f\u00fcr die Repr\u00e4sentanz interdisziplin\u00e4rer Kunstformen, ein Ort zum Nachdenken, Forschen und Schaffen, sowie f\u00fcr Ressourcen und Experimente. Das ECC bietet die Voraussetzungen, um k\u00fcnstlerisch und kreativ Schaffende aus allen Bereichen \u2013 bildende Kunst, Tanz, Performance, Theater, Musik, Literatur, Architektur usw. \u2013 einzuladen und einen Prozess des Lernens, des Austausches und des gemeinsamen Erlebens in Gang zu setzen. Hier werden die wichtigsten aktuellen Probleme untersucht um eine gemeinsame Zukunft zu gestalten. Das ECC ist ein Ort in st\u00e4ndiger Bewegung und stellt neben abgeschlossenen Projekten auch Projekte vor, die eine starke Wechselwirkung zwischen den verschiedenen kreativen Praktiken, der Stadt, den Teilnehmern und Besuchern aus der ganzen Welt darstellen.<\/em><\/p><cite><a href=\"https:\/\/europeanculturalcentre.eu\/\">European Cultural Centre (ECC)<\/a><\/cite><\/blockquote>\n","protected":false},"excerpt":{"rendered":"<p>Wir freuen uns darauf unser aktuelles Projekt mit neuen Werken im Kontext der 58. Biennale pr\u00e4sentieren zu k\u00f6nnen. Venedig 2019 \u2013 Palazzo Mora \u201ePersonal Structures \u2013 Identities\u201d Die Non Profit Ausstellung \u201ePersonal Structures \u2013 Identities\u201c wird vom European Cultural Center veranstaltet und findet vom 11. Mai &#8211; 24. November 2019 statt. Die Pr\u00e4sentation von M\u00fcller&hellip; <a class=\"more-link\" href=\"https:\/\/muellerundsohn.eu\/english\/2018\/11\/09\/venedig-2019-palazzo-mora\/\">Continue reading <span class=\"screen-reader-text\">Venedig 2019 \u2013 Palazzo Mora<\/span><\/a><\/p>\n","protected":false},"author":5,"featured_media":9864,"comment_status":"closed","ping_status":"closed","sticky":false,"template":"","format":"standard","meta":{"footnotes":""},"categories":[43,83,46],"tags":[42,82,84,85,86],"class_list":["post-1622","post","type-post","status-publish","format-standard","has-post-thumbnail","hentry","category-ausstellungen","category-biennale-venedig-2019-de","category-mueller-sohn","tag-ausstellung","tag-biennale-venedig-2019","tag-gruppenausstellung","tag-installationen","tag-palazzo-mora","entry"],"_links":{"self":[{"href":"https:\/\/muellerundsohn.eu\/english\/wp-json\/wp\/v2\/posts\/1622","targetHints":{"allow":["GET"]}}],"collection":[{"href":"https:\/\/muellerundsohn.eu\/english\/wp-json\/wp\/v2\/posts"}],"about":[{"href":"https:\/\/muellerundsohn.eu\/english\/wp-json\/wp\/v2\/types\/post"}],"author":[{"embeddable":true,"href":"https:\/\/muellerundsohn.eu\/english\/wp-json\/wp\/v2\/users\/5"}],"replies":[{"embeddable":true,"href":"https:\/\/muellerundsohn.eu\/english\/wp-json\/wp\/v2\/comments?post=1622"}],"version-history":[{"count":0,"href":"https:\/\/muellerundsohn.eu\/english\/wp-json\/wp\/v2\/posts\/1622\/revisions"}],"wp:featuredmedia":[{"embeddable":true,"href":"https:\/\/muellerundsohn.eu\/english\/wp-json\/wp\/v2\/media\/9864"}],"wp:attachment":[{"href":"https:\/\/muellerundsohn.eu\/english\/wp-json\/wp\/v2\/media?parent=1622"}],"wp:term":[{"taxonomy":"category","embeddable":true,"href":"https:\/\/muellerundsohn.eu\/english\/wp-json\/wp\/v2\/categories?post=1622"},{"taxonomy":"post_tag","embeddable":true,"href":"https:\/\/muellerundsohn.eu\/english\/wp-json\/wp\/v2\/tags?post=1622"}],"curies":[{"name":"wp","href":"https:\/\/api.w.org\/{rel}","templated":true}]}}