{"id":3992,"date":"2019-02-20T12:23:23","date_gmt":"2019-02-20T12:23:23","guid":{"rendered":"https:\/\/muellerundsohn.eu\/?p=3992"},"modified":"2019-02-20T12:23:23","modified_gmt":"2019-02-20T12:23:23","slug":"mueller-sohn-als-unionsmarke-registriert","status":"publish","type":"post","link":"https:\/\/muellerundsohn.eu\/english\/2019\/02\/20\/mueller-sohn-als-unionsmarke-registriert\/","title":{"rendered":"M\u00fcller &amp; Sohn als Unionsmarke registriert"},"content":{"rendered":"\n<p>Am 16.02.2019 wurde die Marke <em>M\u00fcller &amp; Sohn<\/em> beim AMT DER EUROP\u00c4ISCHEN UNION F\u00dcR GEISTIGES EIGENTUM eingetragen. Mit Blick auf unsere Projekte f\u00fcr die Zukunft sicher ein guter Schritt.<\/p>\n\n\n\n<p>Im Zentrum unserer Arbeit steht die Auseinandersetzung mit der Natur, deren Ph\u00e4nomene und Ver\u00e4nderungen \u2013 entstanden durch den Eingriff des Menschen.<\/p>\n\n\n\n<p>Ab 11. Mai 2019 zeigen wir neue Arbeiten im Palazzo Mora im Kontext der 58. Biennale in Venedig. ( Preview 9. &#8211; 10. Mai )<\/p>\n\n\n\n<p>\u2013 wir gehen unseren Weg.<\/p>\n\n\n\n<figure class=\"wp-block-image size-large\"><img loading=\"lazy\" decoding=\"async\" width=\"1024\" height=\"575\" src=\"https:\/\/muellerundsohn.eu\/wp-content\/uploads\/2019\/02\/EE440F64-DB00-4A6F-9C35-E791AE56D865-1200x674-2-1024x575.png\" alt=\"\" class=\"wp-image-10382\" srcset=\"https:\/\/muellerundsohn.eu\/english\/wp-content\/uploads\/sites\/7\/2019\/02\/EE440F64-DB00-4A6F-9C35-E791AE56D865-1200x674-2-1024x575.png 1024w, https:\/\/muellerundsohn.eu\/english\/wp-content\/uploads\/sites\/7\/2019\/02\/EE440F64-DB00-4A6F-9C35-E791AE56D865-1200x674-2-300x169.png 300w, https:\/\/muellerundsohn.eu\/english\/wp-content\/uploads\/sites\/7\/2019\/02\/EE440F64-DB00-4A6F-9C35-E791AE56D865-1200x674-2-768x431.png 768w, https:\/\/muellerundsohn.eu\/english\/wp-content\/uploads\/sites\/7\/2019\/02\/EE440F64-DB00-4A6F-9C35-E791AE56D865-1200x674-2-600x337.png 600w, https:\/\/muellerundsohn.eu\/english\/wp-content\/uploads\/sites\/7\/2019\/02\/EE440F64-DB00-4A6F-9C35-E791AE56D865-1200x674-2.png 1200w\" sizes=\"auto, (max-width: 1024px) 100vw, 1024px\" \/><\/figure>\n","protected":false},"excerpt":{"rendered":"<p>Am 16.02.2019 wurde die Marke M\u00fcller &amp; Sohn beim AMT DER EUROP\u00c4ISCHEN UNION F\u00dcR GEISTIGES EIGENTUM eingetragen. Mit Blick auf unsere Projekte f\u00fcr die Zukunft sicher ein guter Schritt.<\/p>\n","protected":false},"author":5,"featured_media":9858,"comment_status":"closed","ping_status":"closed","sticky":false,"template":"","format":"standard","meta":{"footnotes":""},"categories":[81,46],"tags":[],"class_list":["post-3992","post","type-post","status-publish","format-standard","has-post-thumbnail","hentry","category-allgemein-de","category-mueller-sohn","entry"],"_links":{"self":[{"href":"https:\/\/muellerundsohn.eu\/english\/wp-json\/wp\/v2\/posts\/3992","targetHints":{"allow":["GET"]}}],"collection":[{"href":"https:\/\/muellerundsohn.eu\/english\/wp-json\/wp\/v2\/posts"}],"about":[{"href":"https:\/\/muellerundsohn.eu\/english\/wp-json\/wp\/v2\/types\/post"}],"author":[{"embeddable":true,"href":"https:\/\/muellerundsohn.eu\/english\/wp-json\/wp\/v2\/users\/5"}],"replies":[{"embeddable":true,"href":"https:\/\/muellerundsohn.eu\/english\/wp-json\/wp\/v2\/comments?post=3992"}],"version-history":[{"count":0,"href":"https:\/\/muellerundsohn.eu\/english\/wp-json\/wp\/v2\/posts\/3992\/revisions"}],"wp:featuredmedia":[{"embeddable":true,"href":"https:\/\/muellerundsohn.eu\/english\/wp-json\/wp\/v2\/media\/9858"}],"wp:attachment":[{"href":"https:\/\/muellerundsohn.eu\/english\/wp-json\/wp\/v2\/media?parent=3992"}],"wp:term":[{"taxonomy":"category","embeddable":true,"href":"https:\/\/muellerundsohn.eu\/english\/wp-json\/wp\/v2\/categories?post=3992"},{"taxonomy":"post_tag","embeddable":true,"href":"https:\/\/muellerundsohn.eu\/english\/wp-json\/wp\/v2\/tags?post=3992"}],"curies":[{"name":"wp","href":"https:\/\/api.w.org\/{rel}","templated":true}]}}