{"id":5736,"date":"2019-07-16T16:00:18","date_gmt":"2019-07-16T16:00:18","guid":{"rendered":"https:\/\/muellerundsohn.eu\/?p=5736"},"modified":"2019-07-16T16:00:18","modified_gmt":"2019-07-16T16:00:18","slug":"task-force-laguna-spezialeinheit-laguna","status":"publish","type":"post","link":"https:\/\/muellerundsohn.eu\/english\/2019\/07\/16\/task-force-laguna-spezialeinheit-laguna\/","title":{"rendered":"Skulpturen \u2013 Task Force Laguna"},"content":{"rendered":"\n<p>Im Wattenmeer wurden j\u00fcngst seltsame Exemplare von&nbsp;fliegenden Seeschildkr\u00f6ten mit venezianischen Masken&nbsp;gesichtet.&nbsp;Ger\u00fcchte besagen,&nbsp;dass&nbsp;es sich um&nbsp;Wanderschildkr\u00f6ten aus tropischen Gew\u00e4ssern&nbsp;handelt,&nbsp;die&nbsp;zur Karnevalszeit&nbsp;in der Lagune&nbsp;von Venedig&nbsp;h\u00e4ngengeblieben sind&nbsp;und aus Begeisterung \u00fcber&nbsp;dieFestivit\u00e4ten&nbsp;eine&nbsp;spontane Mutation&nbsp;durchmachten.&nbsp;Sie verwendeten dann ihre Flossen als Fl\u00fcgel, flogen \u00fcber die Alpen hinweg und erreichten zuletzt das Wattenmeer.&nbsp;Insgeheim&nbsp;\u201cUnit\u00e0 Operativa Laguna\u201d&nbsp;oder \u201eSpezialeinheit Laguna\u201c genannt,&nbsp;bringen sie den Geist Venedigs in den Norden. Sollte dies vielleicht der Beginn&nbsp;der Meeresschildkr\u00f6ten-Renaissance sein?<\/p>\n","protected":false},"excerpt":{"rendered":"<p>Im Wattenmeer wurden j\u00fcngst seltsame Exemplare von&nbsp;fliegenden Seeschildkr\u00f6ten mit venezianischen Masken&nbsp;gesichtet.&nbsp;Ger\u00fcchte besagen,&nbsp;dass&nbsp;es sich um&nbsp;Wanderschildkr\u00f6ten aus tropischen Gew\u00e4ssern&nbsp;handelt,&nbsp;die&nbsp;zur Karnevalszeit&nbsp;in der Lagune&nbsp;von Venedig&nbsp;h\u00e4ngengeblieben sind&nbsp;und aus Begeisterung \u00fcber&nbsp;dieFestivit\u00e4ten&nbsp;eine&nbsp;spontane Mutation&nbsp;durchmachten.&nbsp;Sie verwendeten dann ihre Flossen als Fl\u00fcgel, flogen \u00fcber die Alpen hinweg und erreichten zuletzt das Wattenmeer.&nbsp;Insgeheim&nbsp;\u201cUnit\u00e0 Operativa Laguna\u201d&nbsp;oder \u201eSpezialeinheit Laguna\u201c genannt,&nbsp;bringen sie den Geist Venedigs in den Norden. Sollte&hellip; <a class=\"more-link\" href=\"https:\/\/muellerundsohn.eu\/english\/2019\/07\/16\/task-force-laguna-spezialeinheit-laguna\/\">Continue reading <span class=\"screen-reader-text\">Skulpturen \u2013 Task Force Laguna<\/span><\/a><\/p>\n","protected":false},"author":5,"featured_media":9830,"comment_status":"closed","ping_status":"closed","sticky":false,"template":"","format":"standard","meta":{"footnotes":""},"categories":[43,83,97],"tags":[],"class_list":["post-5736","post","type-post","status-publish","format-standard","has-post-thumbnail","hentry","category-ausstellungen","category-biennale-venedig-2019-de","category-skulpturen-de","entry"],"_links":{"self":[{"href":"https:\/\/muellerundsohn.eu\/english\/wp-json\/wp\/v2\/posts\/5736","targetHints":{"allow":["GET"]}}],"collection":[{"href":"https:\/\/muellerundsohn.eu\/english\/wp-json\/wp\/v2\/posts"}],"about":[{"href":"https:\/\/muellerundsohn.eu\/english\/wp-json\/wp\/v2\/types\/post"}],"author":[{"embeddable":true,"href":"https:\/\/muellerundsohn.eu\/english\/wp-json\/wp\/v2\/users\/5"}],"replies":[{"embeddable":true,"href":"https:\/\/muellerundsohn.eu\/english\/wp-json\/wp\/v2\/comments?post=5736"}],"version-history":[{"count":0,"href":"https:\/\/muellerundsohn.eu\/english\/wp-json\/wp\/v2\/posts\/5736\/revisions"}],"wp:featuredmedia":[{"embeddable":true,"href":"https:\/\/muellerundsohn.eu\/english\/wp-json\/wp\/v2\/media\/9830"}],"wp:attachment":[{"href":"https:\/\/muellerundsohn.eu\/english\/wp-json\/wp\/v2\/media?parent=5736"}],"wp:term":[{"taxonomy":"category","embeddable":true,"href":"https:\/\/muellerundsohn.eu\/english\/wp-json\/wp\/v2\/categories?post=5736"},{"taxonomy":"post_tag","embeddable":true,"href":"https:\/\/muellerundsohn.eu\/english\/wp-json\/wp\/v2\/tags?post=5736"}],"curies":[{"name":"wp","href":"https:\/\/api.w.org\/{rel}","templated":true}]}}