{"id":9926,"date":"2017-05-30T12:57:00","date_gmt":"2017-05-30T12:57:00","guid":{"rendered":"https:\/\/shop.muellerundsohn.eu\/?p=9926"},"modified":"2017-05-30T12:57:00","modified_gmt":"2017-05-30T12:57:00","slug":"donaueschinger-regionale-2017-2","status":"publish","type":"post","link":"https:\/\/muellerundsohn.eu\/english\/2017\/05\/30\/donaueschinger-regionale-2017-2\/","title":{"rendered":"Donaueschinger Regionale 2017"},"content":{"rendered":"\n<p>M\u00fcller &amp; Sohn sind auf der Donaueschinger Regionale 2017 vertreten.<\/p>\n\n\n\n<p>Vor einigen Jahren wurde die Donaueschinger Regionale ins Leben gerufen. Ziel war es der bildenden Kunst Raum zu geben, und zugleich dem Publikum einen repr\u00e4sentativen \u00dcberblick \u00fcber die Gegenwartskunst der Region zu bieten.<\/p>\n\n\n\n<p>Auf der Donaueschinger Regionale 2017 sind 39 K\u00fcnstler mit 64 Werken vertreten. Die Ausstellung l\u00e4uft vom vom 14. Juni bis 2. Juli 2017.<\/p>\n\n\n\n<p>Es wurden 598 Werke von 146 Bewerberinnen und Bewerbern eingereicht. In der hochkar\u00e4tigen Jury waren&nbsp;die Galeristin Karin Abt-Straubinger, Dr. Anne Schaich, Kunsthistorikerin, Daniel Br\u00e4g, Akademie der bildenden K\u00fcnste M\u00fcnchen und Clemens Ottnad, Gesch\u00e4ftsf\u00fchrer des K\u00fcnstlerbundes Baden-W\u00fcrttemberg.<\/p>\n\n\n\n<p>M\u00fcller &amp; Sohn wurden mit einer Videoinstallation aus dem Projekt WEGE \u2013 Alpen&nbsp;ausgesucht um an der Ausstellung Donaueschinger Regionale teilzunehmen.<\/p>\n\n\n\n<figure class=\"wp-block-image size-full\"><img loading=\"lazy\" decoding=\"async\" width=\"800\" height=\"450\" src=\"https:\/\/shop.muellerundsohn.eu\/wp-content\/uploads\/2017\/05\/Bildschirmfoto-2016-05-16-um-16.34.30.jpg\" alt=\"\" class=\"wp-image-9924\" srcset=\"https:\/\/muellerundsohn.eu\/english\/wp-content\/uploads\/sites\/7\/2017\/05\/Bildschirmfoto-2016-05-16-um-16.34.30.jpg 800w, https:\/\/muellerundsohn.eu\/english\/wp-content\/uploads\/sites\/7\/2017\/05\/Bildschirmfoto-2016-05-16-um-16.34.30-300x169.jpg 300w, https:\/\/muellerundsohn.eu\/english\/wp-content\/uploads\/sites\/7\/2017\/05\/Bildschirmfoto-2016-05-16-um-16.34.30-768x432.jpg 768w, https:\/\/muellerundsohn.eu\/english\/wp-content\/uploads\/sites\/7\/2017\/05\/Bildschirmfoto-2016-05-16-um-16.34.30-600x338.jpg 600w\" sizes=\"auto, (max-width: 800px) 100vw, 800px\" \/><\/figure>\n","protected":false},"excerpt":{"rendered":"<p>M\u00fcller &amp; Sohn sind auf der Donaueschinger Regionale 2017 vertreten. Vor einigen Jahren wurde die Donaueschinger Regionale ins Leben gerufen. Ziel war es der bildenden Kunst Raum zu geben, und zugleich dem Publikum einen repr\u00e4sentativen \u00dcberblick \u00fcber die Gegenwartskunst der Region zu bieten. Auf der Donaueschinger Regionale 2017 sind 39 K\u00fcnstler mit 64 Werken vertreten.&hellip; <a class=\"more-link\" href=\"https:\/\/muellerundsohn.eu\/english\/2017\/05\/30\/donaueschinger-regionale-2017-2\/\">Continue reading <span class=\"screen-reader-text\">Donaueschinger Regionale 2017<\/span><\/a><\/p>\n","protected":false},"author":5,"featured_media":9923,"comment_status":"closed","ping_status":"closed","sticky":false,"template":"","format":"standard","meta":{"footnotes":""},"categories":[81,43],"tags":[42,98],"class_list":["post-9926","post","type-post","status-publish","format-standard","has-post-thumbnail","hentry","category-allgemein-de","category-ausstellungen","tag-ausstellung","tag-donaueschinger-regionale-2017-de","entry"],"_links":{"self":[{"href":"https:\/\/muellerundsohn.eu\/english\/wp-json\/wp\/v2\/posts\/9926","targetHints":{"allow":["GET"]}}],"collection":[{"href":"https:\/\/muellerundsohn.eu\/english\/wp-json\/wp\/v2\/posts"}],"about":[{"href":"https:\/\/muellerundsohn.eu\/english\/wp-json\/wp\/v2\/types\/post"}],"author":[{"embeddable":true,"href":"https:\/\/muellerundsohn.eu\/english\/wp-json\/wp\/v2\/users\/5"}],"replies":[{"embeddable":true,"href":"https:\/\/muellerundsohn.eu\/english\/wp-json\/wp\/v2\/comments?post=9926"}],"version-history":[{"count":0,"href":"https:\/\/muellerundsohn.eu\/english\/wp-json\/wp\/v2\/posts\/9926\/revisions"}],"wp:featuredmedia":[{"embeddable":true,"href":"https:\/\/muellerundsohn.eu\/english\/wp-json\/wp\/v2\/media\/9923"}],"wp:attachment":[{"href":"https:\/\/muellerundsohn.eu\/english\/wp-json\/wp\/v2\/media?parent=9926"}],"wp:term":[{"taxonomy":"category","embeddable":true,"href":"https:\/\/muellerundsohn.eu\/english\/wp-json\/wp\/v2\/categories?post=9926"},{"taxonomy":"post_tag","embeddable":true,"href":"https:\/\/muellerundsohn.eu\/english\/wp-json\/wp\/v2\/tags?post=9926"}],"curies":[{"name":"wp","href":"https:\/\/api.w.org\/{rel}","templated":true}]}}